{"id":6399,"date":"2025-11-12T10:42:19","date_gmt":"2025-11-12T14:42:19","guid":{"rendered":"https:\/\/www.teatrobaralt.org\/__sub\/?p=6399"},"modified":"2025-11-12T10:44:50","modified_gmt":"2025-11-12T14:44:50","slug":"neon","status":"publish","type":"post","link":"https:\/\/www.teatrobaralt.org\/__sub\/neon\/","title":{"rendered":"N\u00c9ON"},"content":{"rendered":"\n<figure class=\"wp-block-image size-large\"><img fetchpriority=\"high\" decoding=\"async\" width=\"1024\" height=\"512\" src=\"https:\/\/www.teatrobaralt.org\/__sub\/wp-content\/uploads\/2025\/11\/NEON-Web-CFD-Nov-2025-min-1024x512.avif\" alt=\"\" class=\"wp-image-6400\" srcset=\"https:\/\/www.teatrobaralt.org\/__sub\/wp-content\/uploads\/2025\/11\/NEON-Web-CFD-Nov-2025-min-1024x512.avif 1024w, https:\/\/www.teatrobaralt.org\/__sub\/wp-content\/uploads\/2025\/11\/NEON-Web-CFD-Nov-2025-min-300x150.avif 300w, https:\/\/www.teatrobaralt.org\/__sub\/wp-content\/uploads\/2025\/11\/NEON-Web-CFD-Nov-2025-min-768x384.avif 768w, https:\/\/www.teatrobaralt.org\/__sub\/wp-content\/uploads\/2025\/11\/NEON-Web-CFD-Nov-2025-min-1000x500.avif 1000w, https:\/\/www.teatrobaralt.org\/__sub\/wp-content\/uploads\/2025\/11\/NEON-Web-CFD-Nov-2025-min-230x115.avif 230w, https:\/\/www.teatrobaralt.org\/__sub\/wp-content\/uploads\/2025\/11\/NEON-Web-CFD-Nov-2025-min-350x175.avif 350w, https:\/\/www.teatrobaralt.org\/__sub\/wp-content\/uploads\/2025\/11\/NEON-Web-CFD-Nov-2025-min-480x240.avif 480w, https:\/\/www.teatrobaralt.org\/__sub\/wp-content\/uploads\/2025\/11\/NEON-Web-CFD-Nov-2025-min.avif 1200w\" sizes=\"(max-width: 1024px) 100vw, 1024px\" \/><\/figure>\n\n\n\n<p><strong>Fecha y hora:<\/strong> 23 de noviembre, 11:00 a.m<br><strong>Lugar:<\/strong> Gran Sala, Teatro Baralt.<br><strong>Entrada<\/strong> por invitaci\u00f3n.<br><br>El Centro Formativo Danzaluz adscrito al Departamento de Danza de la Direcci\u00f3n de Cultura de\u00a0LUZ celebra su 55 Aniversario con el espect\u00e1culo NE\u00d3N &#8211; Muestra Anual 2025 en alianza con el\u00a0Teatro Baralt y apoyados por la Facultad Experimental de Ciencias (FEC &#8211; LUZ).<\/p>\n\n\n\n<p>NE\u00d3N es un transitar por la fluorescencia, un escaneo corporal que nos llama a reconocer la energ\u00eda universal de la que somos parte.<\/p>\n\n\n\n<p>Idea original y direcci\u00f3n de Gilberto Rinc\u00f3n, el espect\u00e1culo de 50 minutos cuenta con la creaci\u00f3n&nbsp;coreogr\u00e1fica de Deynis Luque &#8211; Director de Danzaluz, Dafne Solarte, Mar\u00eda Valeria Casas, Melany&nbsp;Bracho, Mar\u00eda Jos\u00e9 Petit y Arelis Montiel.<\/p>\n\n\n\n<p>NE\u00d3N tiene m\u00fasica original de Jos\u00e9 Paris, Mario Labarca, Hans Fuentes, Marlon Medina, Heriberto&nbsp;Rojas y Enrique Rinc\u00f3n Cana\u00e1n, reconocidos compositores venezolanos que desde sus procesos&nbsp;creativos particulares han consolidado las partituras sonoras de la muestra de arte esc\u00e9nico universitario.<\/p>\n\n\n\n<p>Escenificada por ni\u00f1as, adolescentes y estudiantes universitarios quienes son educados en el arte de la danza con la m\u00edstica de sus maestros fundacionales como Marisol Ferrari, quien dio inicio en el a\u00f1o 1970 al espacio m\u00e1gico que hoy sigue vibrando en el Edificio<br>Grano.<\/p>\n\n\n\n<p>La Direcci\u00f3n de Cultura de LUZ dirigida por el Prof. Jon Aitor Romano es una dependencia del Despacho Rectoral cuya l\u00edder es la Dra. Judith Aular de Dur\u00e1n &#8211; Rectora de LUZ.<\/p>\n\n\n\n<p><\/p>\n","protected":false},"excerpt":{"rendered":"<p>Fecha y hora: 23 de noviembre, 11:00 a.mLugar: Gran Sala, Teatro Baralt.Entrada por invitaci\u00f3n. El Centro Formativo Danzaluz adscrito al Departamento de<\/p>\n","protected":false},"author":1,"featured_media":0,"comment_status":"closed","ping_status":"closed","sticky":false,"template":"elementor_header_footer","format":"standard","meta":{"footnotes":""},"categories":[1],"tags":[],"class_list":["post-6399","post","type-post","status-publish","format-standard","hentry","category-sin-categoria"],"_links":{"self":[{"href":"https:\/\/www.teatrobaralt.org\/__sub\/wp-json\/wp\/v2\/posts\/6399","targetHints":{"allow":["GET"]}}],"collection":[{"href":"https:\/\/www.teatrobaralt.org\/__sub\/wp-json\/wp\/v2\/posts"}],"about":[{"href":"https:\/\/www.teatrobaralt.org\/__sub\/wp-json\/wp\/v2\/types\/post"}],"author":[{"embeddable":true,"href":"https:\/\/www.teatrobaralt.org\/__sub\/wp-json\/wp\/v2\/users\/1"}],"replies":[{"embeddable":true,"href":"https:\/\/www.teatrobaralt.org\/__sub\/wp-json\/wp\/v2\/comments?post=6399"}],"version-history":[{"count":1,"href":"https:\/\/www.teatrobaralt.org\/__sub\/wp-json\/wp\/v2\/posts\/6399\/revisions"}],"predecessor-version":[{"id":6401,"href":"https:\/\/www.teatrobaralt.org\/__sub\/wp-json\/wp\/v2\/posts\/6399\/revisions\/6401"}],"wp:attachment":[{"href":"https:\/\/www.teatrobaralt.org\/__sub\/wp-json\/wp\/v2\/media?parent=6399"}],"wp:term":[{"taxonomy":"category","embeddable":true,"href":"https:\/\/www.teatrobaralt.org\/__sub\/wp-json\/wp\/v2\/categories?post=6399"},{"taxonomy":"post_tag","embeddable":true,"href":"https:\/\/www.teatrobaralt.org\/__sub\/wp-json\/wp\/v2\/tags?post=6399"}],"curies":[{"name":"wp","href":"https:\/\/api.w.org\/{rel}","templated":true}]}}