{"id":6388,"date":"2025-11-10T18:11:46","date_gmt":"2025-11-10T22:11:46","guid":{"rendered":"https:\/\/www.teatrobaralt.org\/__sub\/?p=6388"},"modified":"2025-11-10T18:11:53","modified_gmt":"2025-11-10T22:11:53","slug":"museo-movil","status":"publish","type":"post","link":"https:\/\/www.teatrobaralt.org\/__sub\/museo-movil\/","title":{"rendered":"Museo M\u00f3vil"},"content":{"rendered":"\n<div class=\"wp-block-columns is-layout-flex wp-container-core-columns-is-layout-28f84493 wp-block-columns-is-layout-flex\">\n<div class=\"wp-block-column is-layout-flow wp-block-column-is-layout-flow\">\n<figure class=\"wp-block-image size-large\"><img fetchpriority=\"high\" decoding=\"async\" width=\"1024\" height=\"512\" src=\"https:\/\/www.teatrobaralt.org\/__sub\/wp-content\/uploads\/2025\/11\/teatrobaralt_horiz_web_museo-movil2-min-1024x512.avif\" alt=\"\" class=\"wp-image-6389\" srcset=\"https:\/\/www.teatrobaralt.org\/__sub\/wp-content\/uploads\/2025\/11\/teatrobaralt_horiz_web_museo-movil2-min-1024x512.avif 1024w, https:\/\/www.teatrobaralt.org\/__sub\/wp-content\/uploads\/2025\/11\/teatrobaralt_horiz_web_museo-movil2-min-300x150.avif 300w, https:\/\/www.teatrobaralt.org\/__sub\/wp-content\/uploads\/2025\/11\/teatrobaralt_horiz_web_museo-movil2-min-768x384.avif 768w, https:\/\/www.teatrobaralt.org\/__sub\/wp-content\/uploads\/2025\/11\/teatrobaralt_horiz_web_museo-movil2-min-1000x500.avif 1000w, https:\/\/www.teatrobaralt.org\/__sub\/wp-content\/uploads\/2025\/11\/teatrobaralt_horiz_web_museo-movil2-min-230x115.avif 230w, https:\/\/www.teatrobaralt.org\/__sub\/wp-content\/uploads\/2025\/11\/teatrobaralt_horiz_web_museo-movil2-min-350x175.avif 350w, https:\/\/www.teatrobaralt.org\/__sub\/wp-content\/uploads\/2025\/11\/teatrobaralt_horiz_web_museo-movil2-min-480x240.avif 480w, https:\/\/www.teatrobaralt.org\/__sub\/wp-content\/uploads\/2025\/11\/teatrobaralt_horiz_web_museo-movil2-min.avif 1200w\" sizes=\"(max-width: 1024px) 100vw, 1024px\" \/><\/figure>\n<\/div>\n<\/div>\n\n\n\n<p>Una iniciativa de arte m\u00f3vil donde las personas llevan obras de arte tipo mochilas o maletas dise\u00f1adas art\u00edsticamente, permitiendo que el arte viaje con ellos y recorran las calles durante la feria. Esto fomenta la participaci\u00f3n activa y el intercambio cultural, adem\u00e1s de promover el arte de forma interactiva y accesible.<\/p>\n\n\n\n<p><strong>Objetivos:<\/strong><br>&#8211; Promover el arte y la cultura local a trav\u00e9s de la movilidad.<br>&#8211; Fomentar la participaci\u00f3n comunitaria en la creaci\u00f3n y exhibici\u00f3n art\u00edstica.<br>&#8211; Crear conciencia sobre la importancia del arte como expresi\u00f3\u00adn de identidad y tradici\u00f3n.<\/p>\n\n\n\n<p><strong>Actividades<\/strong><\/p>\n\n\n\n<p><strong>1. Dise\u00f1o:<\/strong><br>Artistas y participantes llevan su obra de arte como mochilas o maletas con motivos inspirados en La Chinita, la feria o la cultura marabina.<\/p>\n\n\n\n<p><strong>2. Carga de Obras<\/strong><br>Las obras ser\u00e1n llevadas en la espalda tipo bolso o mochila, pueden ser obras de arte, fotograf\u00edas, frases culturales o manualidades que representan la identidad local. O todo lo que el artista tenga para mostrar.<\/p>\n\n\n\n<p><strong>3. Recorridos y exhibici\u00f3n<\/strong><br>Iniciar\u00e1 en el teatro baralt haciendo un recorrido por calle carabobo luego calle derecha hasta llegar a la plazoleta de la Bas\u00edlica de Nuestra Se\u00f1ora de la Chiquinquir\u00e1 en Maracaibo, para mezclarse entre la gente y mostrar nuestro arte.<\/p>\n\n\n\n<p><strong>4. Dimensiones o estilo de la obra ser\u00e1 a la imaginaci\u00f3n y creatividad de los artistas.<\/strong><\/p>\n\n\n\n<p><strong>\u00bfC\u00f3mo participar?<\/strong><br>Inscr\u00edbete enviando tus datos y confirma tu participaci\u00f3n. Luego, crea una obra motivada en la feria de La Chinita, o arte zuliano que ser\u00e1 exhibida en la exposici\u00f3n M\u00f3vil durante su itinerancia por Maracaibo. Casco central<\/p>\n\n\n\n<p><strong>Jueves 13 de Noviembre a las 5:00 p.m.<\/strong><\/p>\n\n\n\n<p>\u00a1No pierdas la oportunidad de mostrar tu talento y celebrar nuestra cultura a trav\u00e9s del arte!<\/p>\n\n\n\n<p><strong>Para inscribirte y m\u00e1s informaci\u00f3n:<\/strong><br>Raquel Ocando<br>04146227255<\/p>\n","protected":false},"excerpt":{"rendered":"<p>Una iniciativa de arte m\u00f3vil donde las personas llevan obras de arte tipo mochilas o maletas dise\u00f1adas art\u00edsticamente, permitiendo que el arte<\/p>\n","protected":false},"author":1,"featured_media":6390,"comment_status":"closed","ping_status":"closed","sticky":false,"template":"","format":"standard","meta":{"footnotes":""},"categories":[1],"tags":[],"class_list":["post-6388","post","type-post","status-publish","format-standard","has-post-thumbnail","hentry","category-sin-categoria"],"_links":{"self":[{"href":"https:\/\/www.teatrobaralt.org\/__sub\/wp-json\/wp\/v2\/posts\/6388","targetHints":{"allow":["GET"]}}],"collection":[{"href":"https:\/\/www.teatrobaralt.org\/__sub\/wp-json\/wp\/v2\/posts"}],"about":[{"href":"https:\/\/www.teatrobaralt.org\/__sub\/wp-json\/wp\/v2\/types\/post"}],"author":[{"embeddable":true,"href":"https:\/\/www.teatrobaralt.org\/__sub\/wp-json\/wp\/v2\/users\/1"}],"replies":[{"embeddable":true,"href":"https:\/\/www.teatrobaralt.org\/__sub\/wp-json\/wp\/v2\/comments?post=6388"}],"version-history":[{"count":1,"href":"https:\/\/www.teatrobaralt.org\/__sub\/wp-json\/wp\/v2\/posts\/6388\/revisions"}],"predecessor-version":[{"id":6391,"href":"https:\/\/www.teatrobaralt.org\/__sub\/wp-json\/wp\/v2\/posts\/6388\/revisions\/6391"}],"wp:featuredmedia":[{"embeddable":true,"href":"https:\/\/www.teatrobaralt.org\/__sub\/wp-json\/wp\/v2\/media\/6390"}],"wp:attachment":[{"href":"https:\/\/www.teatrobaralt.org\/__sub\/wp-json\/wp\/v2\/media?parent=6388"}],"wp:term":[{"taxonomy":"category","embeddable":true,"href":"https:\/\/www.teatrobaralt.org\/__sub\/wp-json\/wp\/v2\/categories?post=6388"},{"taxonomy":"post_tag","embeddable":true,"href":"https:\/\/www.teatrobaralt.org\/__sub\/wp-json\/wp\/v2\/tags?post=6388"}],"curies":[{"name":"wp","href":"https:\/\/api.w.org\/{rel}","templated":true}]}}