{"id":6435,"date":"2025-06-25T11:43:51","date_gmt":"2025-06-25T15:43:51","guid":{"rendered":"https:\/\/www.teatrobaralt.org\/__sub\/?post_type=news&#038;p=6435"},"modified":"2025-11-17T11:45:32","modified_gmt":"2025-11-17T15:45:32","slug":"baralt-teatro-impacto-al-publico-con-oscuro-de-noche","status":"publish","type":"news","link":"https:\/\/www.teatrobaralt.org\/__sub\/news\/baralt-teatro-impacto-al-publico-con-oscuro-de-noche\/","title":{"rendered":"Baralt Teatro Impact\u00f3 al P\u00fablico con: \u00abOscuro de Noche\u00bb."},"content":{"rendered":"\n<p>La destacada compa\u00f1\u00eda de Teatro explora la oscuridad de las ciudades con un libreto de Garc\u00eda G\u00e1mez<\/p>\n\n\n\n<p>\u00a0\u00a0\u00a0\u00a0\u00a0\u00a0\u00a0\u00a0\u00a0\u00a0\u00a0\u00a0\u00a0\u00a0\u00a0\u00a0\u00a0\u00a0\u00a0\u00a0\u00a0\u00a0\u00a0\u00a0\u00a0\u00a0\u00a0\u00a0\u00a0\u00a0\u00a0\u00a0\u00a0\u00a0\u00a0\u00a0\u00a0\u00a0\u00a0\u00a0\u00a0\u00a0\u00a0\u00a0\u00a0\u00a0\u00a0\u00a0\u00a0\u00a0\u00a0\u00a0\u00a0\u00a0\u00a0\u00a0\u00a0\u00a0\u00a0\u00a0\u00a0\u00a0\u00a0\u00a0\u00a0\u00a0\u00a0\u00a0\u00a0\u00a0\u00a0\u00a0\u00a0\u00a0\u00a0\u00a0\u00a0\u00a0\u00a0\u00a0\u00a0\u00a0\u00a0\u00a0\u00a0\u00a0\u00a0\u00a0\u00a0\u00a0\u00a0\u00a0\u00a0\u00a0\u00a0\u00a0\u00a0\u00a0\u00a0\u00a0\u00a0\u00a0\u00a0\u00a0\u00a0\u00a0\u00a0\u00a0\u00a0\u00a0\u00a0\u00a0\u00a0\u00a0\u00a0\u00a0\u00a0\u00a0\u00a0\u00a0\u00a0\u00a0\u00a0\u00a0\u00a0\u00a0\u00a0\u00a0\u00a0\u00a0\u00a0\u00a0\u00a0\u00a0\u00a0\u00a0\u00a0\u00a0\u00a0\u00a0\u00a0\u00a0\u00a0\u00a0\u00a0\u00a0\u00a0\u00a0\u00a0\u00a0\u00a0\u00a0\u00a0\u00a0\u00a0\u00a0\u00a0\u00a0\u00a0\u00a0\u00a0\u00a0\u00a0\u00a0\u00a0\u00a0\u00a0\u00a0\u00a0\u00a0\u00a0\u00a0\u00a0\u00a0\u00a0\u00a0\u00a0El ic\u00f3nico Teatro Baralt fue el escenario de una noche de profunda emoci\u00f3n y reflexi\u00f3n con la presentaci\u00f3n de \u00abOscuro de Noche\u00bb, la nueva producci\u00f3n dram\u00e1tica de la compa\u00f1\u00eda residente Baralt Teatro. La obra, con guion original de Garc\u00eda G\u00e1mez y bajo la direcci\u00f3n de Leonardo Isea, se present\u00f3 al p\u00fablico el pasado martes 24 de junio, en la Gran Sala del teatro, impactando a los asistentes con su propuesta audaz.<\/p>\n\n\n\n<p>\u00a0<strong>\u00abOscuro, de Noche\u00bb <\/strong>sumergi\u00f3 al espectador en una estructura narrativa no lineal, invit\u00e1ndolo a adentrarse en la tragedia que envolvi\u00f3 a Crist\u00f3bal y Zenobia, el matrimonio central de la historia, interpretados por N\u00e9stor Parra y Roxana Portillo. La trama se desenvolvi\u00f3 a partir del desgarrador asesinato de su hijo, Kenny, un suceso que los medios sociales distorsionaron al se\u00f1alar falsamente al joven como un criminal juvenil.<\/p>\n\n\n\n<p>La visi\u00f3n de <strong>Leonardo Isea<\/strong> para esta puesta en escena logr\u00f3 amalgamar el talento de figuras j\u00f3venes y veteranas de la actuaci\u00f3n, conformando un elenco que dio vida a personajes cotidianos con una intensidad que mantuvo al p\u00fablico al filo de la tensi\u00f3n. La obra plantea una historia terror\u00edfica que no necesit\u00f3 de monstruos o elementos paranormales, encontrando su horror en la cruda realidad urbana.<\/p>\n\n\n\n<p>El peso dram\u00e1tico de la obra recay\u00f3 en la potente interpretaci\u00f3n de \u00c1ngel Eizaga, quien encarn\u00f3 al personaje de Kenny, llev\u00e1ndose los plausos del p\u00fablico y conmoviendo hasta las l\u00e1grimas. Junto a \u00e9l, Stefany Salas dio vida al personaje de Maga, una joven enamorada de Kenny, cuya historia de amor se vio truncada antes de florecer.<\/p>\n\n\n\n<p>talentoso elenco se complet\u00f3 con destacadas actuaciones de \u00c1ngel Mar\u00edn, Alexis Blanco, Diana Labrador, Leonardo Isea, Maribel Granadillo, Jos\u00e9 Luis Davalillo y Rafael Contreras. Juntos, dieron forma a un abanico de personajes que deben desenvolverse en una ciudad donde se sobrevive, mientras las comunidades se disuelven, y la muerte acecha en cada esquina.<\/p>\n\n\n\n<p>Entre el p\u00fablico, se encontraban destacadas personalidades como el Director General del Teatro Baralt, Jes\u00fas Lombardi, en compa\u00f1\u00eda del director de Danza Baralt, Alexander Ventura, y el reconocido actor Jos\u00e9 Luis Montero, quienes formaron parte de las aclamaciones del p\u00fablico.<\/p>\n\n\n\n<div class=\"wp-block-columns is-layout-flex wp-container-core-columns-is-layout-28f84493 wp-block-columns-is-layout-flex\">\n<div class=\"wp-block-column is-layout-flow wp-block-column-is-layout-flow\">\n<figure class=\"wp-block-image size-full\"><img fetchpriority=\"high\" decoding=\"async\" width=\"800\" height=\"482\" src=\"https:\/\/www.teatrobaralt.org\/__sub\/wp-content\/uploads\/2025\/11\/foto_newsO3.avif\" alt=\"\" class=\"wp-image-6436\" srcset=\"https:\/\/www.teatrobaralt.org\/__sub\/wp-content\/uploads\/2025\/11\/foto_newsO3.avif 800w, https:\/\/www.teatrobaralt.org\/__sub\/wp-content\/uploads\/2025\/11\/foto_newsO3-300x181.avif 300w, https:\/\/www.teatrobaralt.org\/__sub\/wp-content\/uploads\/2025\/11\/foto_newsO3-768x463.avif 768w, https:\/\/www.teatrobaralt.org\/__sub\/wp-content\/uploads\/2025\/11\/foto_newsO3-230x139.avif 230w, https:\/\/www.teatrobaralt.org\/__sub\/wp-content\/uploads\/2025\/11\/foto_newsO3-350x211.avif 350w, https:\/\/www.teatrobaralt.org\/__sub\/wp-content\/uploads\/2025\/11\/foto_newsO3-480x289.avif 480w\" sizes=\"(max-width: 800px) 100vw, 800px\" \/><\/figure>\n<\/div>\n\n\n\n<div class=\"wp-block-column is-layout-flow wp-block-column-is-layout-flow\">\n<figure class=\"wp-block-image size-full\"><img decoding=\"async\" width=\"800\" height=\"482\" src=\"https:\/\/www.teatrobaralt.org\/__sub\/wp-content\/uploads\/2025\/11\/foto_newsO2.avif\" alt=\"\" class=\"wp-image-6437\" srcset=\"https:\/\/www.teatrobaralt.org\/__sub\/wp-content\/uploads\/2025\/11\/foto_newsO2.avif 800w, https:\/\/www.teatrobaralt.org\/__sub\/wp-content\/uploads\/2025\/11\/foto_newsO2-300x181.avif 300w, https:\/\/www.teatrobaralt.org\/__sub\/wp-content\/uploads\/2025\/11\/foto_newsO2-768x463.avif 768w, https:\/\/www.teatrobaralt.org\/__sub\/wp-content\/uploads\/2025\/11\/foto_newsO2-230x139.avif 230w, https:\/\/www.teatrobaralt.org\/__sub\/wp-content\/uploads\/2025\/11\/foto_newsO2-350x211.avif 350w, https:\/\/www.teatrobaralt.org\/__sub\/wp-content\/uploads\/2025\/11\/foto_newsO2-480x289.avif 480w\" sizes=\"(max-width: 800px) 100vw, 800px\" \/><\/figure>\n<\/div>\n\n\n\n<div class=\"wp-block-column is-layout-flow wp-block-column-is-layout-flow\">\n<figure class=\"wp-block-image size-full\"><img decoding=\"async\" width=\"800\" height=\"482\" src=\"https:\/\/www.teatrobaralt.org\/__sub\/wp-content\/uploads\/2025\/11\/foto_newsO1.avif\" alt=\"\" class=\"wp-image-6441\" srcset=\"https:\/\/www.teatrobaralt.org\/__sub\/wp-content\/uploads\/2025\/11\/foto_newsO1.avif 800w, https:\/\/www.teatrobaralt.org\/__sub\/wp-content\/uploads\/2025\/11\/foto_newsO1-300x181.avif 300w, https:\/\/www.teatrobaralt.org\/__sub\/wp-content\/uploads\/2025\/11\/foto_newsO1-768x463.avif 768w, https:\/\/www.teatrobaralt.org\/__sub\/wp-content\/uploads\/2025\/11\/foto_newsO1-230x139.avif 230w, https:\/\/www.teatrobaralt.org\/__sub\/wp-content\/uploads\/2025\/11\/foto_newsO1-350x211.avif 350w, https:\/\/www.teatrobaralt.org\/__sub\/wp-content\/uploads\/2025\/11\/foto_newsO1-480x289.avif 480w\" sizes=\"(max-width: 800px) 100vw, 800px\" \/><\/figure>\n<\/div>\n<\/div>\n","protected":false},"excerpt":{"rendered":"<p>La destacada compa\u00f1\u00eda de Teatro explora la oscuridad de las ciudades con un libreto de Garc\u00eda G\u00e1mez \u00a0\u00a0\u00a0\u00a0\u00a0\u00a0\u00a0\u00a0\u00a0\u00a0\u00a0\u00a0\u00a0\u00a0\u00a0\u00a0\u00a0\u00a0\u00a0\u00a0\u00a0\u00a0\u00a0\u00a0\u00a0\u00a0\u00a0\u00a0\u00a0\u00a0\u00a0\u00a0\u00a0\u00a0\u00a0\u00a0\u00a0\u00a0\u00a0\u00a0\u00a0\u00a0\u00a0\u00a0\u00a0\u00a0\u00a0\u00a0\u00a0\u00a0\u00a0\u00a0\u00a0\u00a0\u00a0\u00a0\u00a0\u00a0\u00a0\u00a0\u00a0\u00a0\u00a0\u00a0\u00a0\u00a0\u00a0\u00a0\u00a0\u00a0\u00a0\u00a0\u00a0\u00a0\u00a0\u00a0\u00a0\u00a0\u00a0\u00a0\u00a0\u00a0\u00a0\u00a0\u00a0\u00a0\u00a0\u00a0\u00a0\u00a0\u00a0\u00a0\u00a0\u00a0\u00a0\u00a0\u00a0\u00a0\u00a0\u00a0\u00a0\u00a0\u00a0\u00a0\u00a0\u00a0\u00a0\u00a0\u00a0\u00a0\u00a0\u00a0\u00a0\u00a0\u00a0\u00a0\u00a0\u00a0\u00a0\u00a0\u00a0\u00a0\u00a0\u00a0\u00a0\u00a0\u00a0\u00a0\u00a0\u00a0\u00a0\u00a0\u00a0\u00a0\u00a0\u00a0\u00a0\u00a0\u00a0\u00a0\u00a0\u00a0\u00a0\u00a0\u00a0\u00a0\u00a0\u00a0\u00a0\u00a0\u00a0\u00a0\u00a0\u00a0\u00a0\u00a0\u00a0\u00a0\u00a0\u00a0\u00a0\u00a0\u00a0\u00a0\u00a0\u00a0\u00a0\u00a0\u00a0\u00a0\u00a0\u00a0\u00a0\u00a0\u00a0\u00a0\u00a0El ic\u00f3nico Teatro Baralt fue<\/p>\n","protected":false},"author":1,"featured_media":6439,"comment_status":"closed","ping_status":"closed","template":"","tags":[],"news-category":[],"class_list":["post-6435","news","type-news","status-publish","has-post-thumbnail","hentry"],"_links":{"self":[{"href":"https:\/\/www.teatrobaralt.org\/__sub\/wp-json\/wp\/v2\/news\/6435","targetHints":{"allow":["GET"]}}],"collection":[{"href":"https:\/\/www.teatrobaralt.org\/__sub\/wp-json\/wp\/v2\/news"}],"about":[{"href":"https:\/\/www.teatrobaralt.org\/__sub\/wp-json\/wp\/v2\/types\/news"}],"author":[{"embeddable":true,"href":"https:\/\/www.teatrobaralt.org\/__sub\/wp-json\/wp\/v2\/users\/1"}],"replies":[{"embeddable":true,"href":"https:\/\/www.teatrobaralt.org\/__sub\/wp-json\/wp\/v2\/comments?post=6435"}],"version-history":[{"count":2,"href":"https:\/\/www.teatrobaralt.org\/__sub\/wp-json\/wp\/v2\/news\/6435\/revisions"}],"predecessor-version":[{"id":6442,"href":"https:\/\/www.teatrobaralt.org\/__sub\/wp-json\/wp\/v2\/news\/6435\/revisions\/6442"}],"wp:featuredmedia":[{"embeddable":true,"href":"https:\/\/www.teatrobaralt.org\/__sub\/wp-json\/wp\/v2\/media\/6439"}],"wp:attachment":[{"href":"https:\/\/www.teatrobaralt.org\/__sub\/wp-json\/wp\/v2\/media?parent=6435"}],"wp:term":[{"taxonomy":"post_tag","embeddable":true,"href":"https:\/\/www.teatrobaralt.org\/__sub\/wp-json\/wp\/v2\/tags?post=6435"},{"taxonomy":"news-category","embeddable":true,"href":"https:\/\/www.teatrobaralt.org\/__sub\/wp-json\/wp\/v2\/news-category?post=6435"}],"curies":[{"name":"wp","href":"https:\/\/api.w.org\/{rel}","templated":true}]}}