{"id":6425,"date":"2025-04-29T10:51:56","date_gmt":"2025-04-29T14:51:56","guid":{"rendered":"https:\/\/www.teatrobaralt.org\/__sub\/?post_type=news&#038;p=6425"},"modified":"2025-11-17T11:46:03","modified_gmt":"2025-11-17T15:46:03","slug":"el-teatro-baralt-celebra-el-dia-internacional-de-la-danza-con-adagio","status":"publish","type":"news","link":"https:\/\/www.teatrobaralt.org\/__sub\/news\/el-teatro-baralt-celebra-el-dia-internacional-de-la-danza-con-adagio\/","title":{"rendered":"El Teatro Baralt celebra el d\u00eda internacional de la danza con Adagio"},"content":{"rendered":"\n<p>Academias de danza invitadas junto a personalidades del arte y la cultura acudieron al Teatro Baralt para rendir homenaje a los maestros Sasha y Nedo Vojkic.<\/p>\n\n\n\n<p>El Teatro Baralt a trav\u00e9s de su compa\u00f1\u00eda residente Danza Baralt, abrieron el pasado 29 de abril el tel\u00f3n para presentar la gala Adagio, en conmemoraci\u00f3n del D\u00eda internacional de la danza, y el cuarto aniversario de Danza Baralt. Dirigido por Alexander Ventura, Danza Baralt abre un espacio para el encuentro entre academias, brindando honores a los fundadores del Ballet Cl\u00e1sico del Zulia, Sasha y Nedo Vojkic.&nbsp;&nbsp;<\/p>\n\n\n\n<p>Entre los invitados especiales se encontraban la Presidenta de FUNDABARALT la Dra.&nbsp; Elizabeth Miquilena, el Director General del Teatro Baralt Jes\u00fas Lombardi, la Directora del Centro Bellas Artes Ileana Blanco de Montero, la Directora de Cultura de la Alcald\u00eda de Maracaibo Malena Soto y el maestro Victor Fuenmayor, quien ofreci\u00f3 un discurso resaltando la labor de los bailarines. El director Lombardi subi\u00f3 al escenario para brindar unas emotivas palabras, rememorando los logros conseguidos por el nuevo proyecto de compa\u00f1\u00edas residentes, siendo Danza Baralt la primera en ser fundada.&nbsp;&nbsp;&nbsp;&nbsp;&nbsp;<\/p>\n\n\n\n<p>\u201cHace cuatro a\u00f1os sembramos una semilla, para convertir al Teatro Baralt no solo en un escenario para recibir espect\u00e1culos, sino tambi\u00e9n en un hogar vibrante para el desarrollo permanente de las artes esc\u00e9nicas en nuestra regi\u00f3n\u201d. Declar\u00f3 el Director Lombardi y afirm\u00f3: \u00abHoy podemos decir que esa visi\u00f3n ha echado ra\u00edces profundas\u201d.&nbsp;<\/p>\n\n\n\n<p>El Director General continu\u00f3 su discurso reconociendo a los directores de las distintas disciplinas danc\u00edsticas, que han podido surgir gracias al proyecto de compa\u00f1\u00edas. \u201cBajo este techo hist\u00f3rico, conviven el elegante ballet dirigido por el maestro Guillermo Gonz\u00e1les, la fuerza de nuestro folclore dirigido por la maestra Betzabeth S\u00e1nchez, la pasi\u00f3n del flamenco dirigido por Andreina Guti\u00e9rrez, y la energ\u00eda del movimiento urbano dirigido por Luis Negr\u00f3n\u201d.&nbsp;&nbsp;&nbsp;&nbsp;<\/p>\n\n\n\n<p>El p\u00fablico pudo disfrutar del documental inspirado en la carrera de la maestra Sasha, para dar paso a la pieza original de Alexander Ventura, Adagio, junto a las coreograf\u00edas de distintas academias invitadas como: Privet estudio de danza, la Escuela de ballet cl\u00e1sico de Grazyna Yeropunov, Auroral danza gimn\u00e1stica, el ballet Pocetka, DANZALUZ, y el Ballet Juvenil Teresa Carre\u00f1o (n\u00facleo Zulia).<\/p>\n\n\n\n<p>Acto seguido, el p\u00fablico, junto con los invitados y autoridades, se dirigieron a la fachada del Teatro Baralt, para dar paso a la develaci\u00f3n de la estrella de Sasha y Nedo Vojkic, cuyo legado ahora ocupa un espacio dentro de nuestro monumento nacional.<\/p>\n\n\n\n<p>El Teatro Baralt celebra por todo lo alto el D\u00eda internacional de la danza, mostrando lo mejor de la danza de nuestra regi\u00f3n, al mismo tiempo que se rinden honores a los grandes maestros.<\/p>\n\n\n\n<div class=\"wp-block-columns is-layout-flex wp-container-core-columns-is-layout-28f84493 wp-block-columns-is-layout-flex\">\n<div class=\"wp-block-column is-layout-flow wp-block-column-is-layout-flow\">\n<figure class=\"wp-block-image size-full\"><img fetchpriority=\"high\" decoding=\"async\" width=\"800\" height=\"482\" src=\"https:\/\/www.teatrobaralt.org\/__sub\/wp-content\/uploads\/2025\/11\/foto_news2.avif\" alt=\"\" class=\"wp-image-6431\" srcset=\"https:\/\/www.teatrobaralt.org\/__sub\/wp-content\/uploads\/2025\/11\/foto_news2.avif 800w, https:\/\/www.teatrobaralt.org\/__sub\/wp-content\/uploads\/2025\/11\/foto_news2-300x181.avif 300w, https:\/\/www.teatrobaralt.org\/__sub\/wp-content\/uploads\/2025\/11\/foto_news2-768x463.avif 768w, https:\/\/www.teatrobaralt.org\/__sub\/wp-content\/uploads\/2025\/11\/foto_news2-230x139.avif 230w, https:\/\/www.teatrobaralt.org\/__sub\/wp-content\/uploads\/2025\/11\/foto_news2-350x211.avif 350w, https:\/\/www.teatrobaralt.org\/__sub\/wp-content\/uploads\/2025\/11\/foto_news2-480x289.avif 480w\" sizes=\"(max-width: 800px) 100vw, 800px\" \/><\/figure>\n<\/div>\n\n\n\n<div class=\"wp-block-column is-layout-flow wp-block-column-is-layout-flow\">\n<figure class=\"wp-block-image size-full\"><img decoding=\"async\" width=\"800\" height=\"482\" src=\"https:\/\/www.teatrobaralt.org\/__sub\/wp-content\/uploads\/2025\/11\/foto_news1.avif\" alt=\"\" class=\"wp-image-6432\" srcset=\"https:\/\/www.teatrobaralt.org\/__sub\/wp-content\/uploads\/2025\/11\/foto_news1.avif 800w, https:\/\/www.teatrobaralt.org\/__sub\/wp-content\/uploads\/2025\/11\/foto_news1-300x181.avif 300w, https:\/\/www.teatrobaralt.org\/__sub\/wp-content\/uploads\/2025\/11\/foto_news1-768x463.avif 768w, https:\/\/www.teatrobaralt.org\/__sub\/wp-content\/uploads\/2025\/11\/foto_news1-230x139.avif 230w, https:\/\/www.teatrobaralt.org\/__sub\/wp-content\/uploads\/2025\/11\/foto_news1-350x211.avif 350w, https:\/\/www.teatrobaralt.org\/__sub\/wp-content\/uploads\/2025\/11\/foto_news1-480x289.avif 480w\" sizes=\"(max-width: 800px) 100vw, 800px\" \/><\/figure>\n<\/div>\n\n\n\n<div class=\"wp-block-column is-layout-flow wp-block-column-is-layout-flow\">\n<figure class=\"wp-block-image size-full\"><img decoding=\"async\" width=\"800\" height=\"482\" src=\"https:\/\/www.teatrobaralt.org\/__sub\/wp-content\/uploads\/2025\/11\/foto_news3.avif\" alt=\"\" class=\"wp-image-6433\" srcset=\"https:\/\/www.teatrobaralt.org\/__sub\/wp-content\/uploads\/2025\/11\/foto_news3.avif 800w, https:\/\/www.teatrobaralt.org\/__sub\/wp-content\/uploads\/2025\/11\/foto_news3-300x181.avif 300w, https:\/\/www.teatrobaralt.org\/__sub\/wp-content\/uploads\/2025\/11\/foto_news3-768x463.avif 768w, https:\/\/www.teatrobaralt.org\/__sub\/wp-content\/uploads\/2025\/11\/foto_news3-230x139.avif 230w, https:\/\/www.teatrobaralt.org\/__sub\/wp-content\/uploads\/2025\/11\/foto_news3-350x211.avif 350w, https:\/\/www.teatrobaralt.org\/__sub\/wp-content\/uploads\/2025\/11\/foto_news3-480x289.avif 480w\" sizes=\"(max-width: 800px) 100vw, 800px\" \/><\/figure>\n<\/div>\n<\/div>\n","protected":false},"excerpt":{"rendered":"<p>Academias de danza invitadas junto a personalidades del arte y la cultura acudieron al Teatro Baralt para rendir homenaje a los maestros<\/p>\n","protected":false},"author":1,"featured_media":6430,"comment_status":"closed","ping_status":"closed","template":"","tags":[],"news-category":[19],"class_list":["post-6425","news","type-news","status-publish","has-post-thumbnail","hentry","news-category-el-teatro"],"_links":{"self":[{"href":"https:\/\/www.teatrobaralt.org\/__sub\/wp-json\/wp\/v2\/news\/6425","targetHints":{"allow":["GET"]}}],"collection":[{"href":"https:\/\/www.teatrobaralt.org\/__sub\/wp-json\/wp\/v2\/news"}],"about":[{"href":"https:\/\/www.teatrobaralt.org\/__sub\/wp-json\/wp\/v2\/types\/news"}],"author":[{"embeddable":true,"href":"https:\/\/www.teatrobaralt.org\/__sub\/wp-json\/wp\/v2\/users\/1"}],"replies":[{"embeddable":true,"href":"https:\/\/www.teatrobaralt.org\/__sub\/wp-json\/wp\/v2\/comments?post=6425"}],"version-history":[{"count":1,"href":"https:\/\/www.teatrobaralt.org\/__sub\/wp-json\/wp\/v2\/news\/6425\/revisions"}],"predecessor-version":[{"id":6434,"href":"https:\/\/www.teatrobaralt.org\/__sub\/wp-json\/wp\/v2\/news\/6425\/revisions\/6434"}],"wp:featuredmedia":[{"embeddable":true,"href":"https:\/\/www.teatrobaralt.org\/__sub\/wp-json\/wp\/v2\/media\/6430"}],"wp:attachment":[{"href":"https:\/\/www.teatrobaralt.org\/__sub\/wp-json\/wp\/v2\/media?parent=6425"}],"wp:term":[{"taxonomy":"post_tag","embeddable":true,"href":"https:\/\/www.teatrobaralt.org\/__sub\/wp-json\/wp\/v2\/tags?post=6425"},{"taxonomy":"news-category","embeddable":true,"href":"https:\/\/www.teatrobaralt.org\/__sub\/wp-json\/wp\/v2\/news-category?post=6425"}],"curies":[{"name":"wp","href":"https:\/\/api.w.org\/{rel}","templated":true}]}}